{"id":12418,"date":"2020-03-14T13:21:35","date_gmt":"2020-03-14T12:21:35","guid":{"rendered":"https:\/\/familienzentrum-bezirk-affoltern.ch\/?p=12418"},"modified":"2020-03-14T13:21:35","modified_gmt":"2020-03-14T12:21:35","slug":"12418-2","status":"publish","type":"post","link":"https:\/\/recursing-nash.185-101-158-178.plesk.page\/index.php\/2020\/03\/14\/12418-2\/","title":{"rendered":"Aktualisierung zum Umgang mit Coronavirus"},"content":{"rendered":"<p><a href=\"https:\/\/familienzentrum-bezirk-affoltern.ch\/wp-content\/uploads\/2019\/02\/logo-famze-oceanwp-2.png\"><img decoding=\"async\" class=\"aligncenter size-full wp-image-10629\" src=\"https:\/\/familienzentrum-bezirk-affoltern.ch\/wp-content\/uploads\/2019\/02\/logo-famze-oceanwp-2.png\" alt=\"\" width=\"164\" height=\"62\" \/><\/a><\/p>\n<p>Liebe Freunde<\/p>\n<p>Aufgrund der Entscheidung des Bundesrats, wird der Schulunterricht ab Montag bis 11. Mai 2020 schweizweit eingestellt. Der Kanton Z\u00fcrich hat entschieden, diese Phase bis nach den Fr\u00fchlingsferien zu erweitern.<\/p>\n<p>Nach R\u00fccksprache mit anderen Familienzentren innerhalb und ausserhalb des Kantons\u00a0reagiert auch das Familienzentrum auf die neue Lagebeurteilung.<\/p>\n<p>Ab Montag, 16. M\u00e4rz und bis zur Wiederer\u00f6ffnung der Schulen im Kanton Z\u00fcrich bleiben alle regelm\u00e4ssigen Angebote, d.h. das Kafi, die H\u00fceti, die Spielgruppe und die Gruppentreffs, geschlossen.<\/p>\n<ul>\n<li>Einige Anl\u00e4sse wurden bereits abgesagt.<\/li>\n<li>F\u00fcr geplante Kurse werden wir situativ entscheiden und die angemeldeten Teilnehmer\/- innen entsprechend informieren. Bei wenigen Teilnehmern\/-innen nutzen wir die gr\u00f6sseren R\u00e4umlichkeiten im 1. Stock., damit ein angebrachtes Mass an Distanz eingehalten werden kann.<\/li>\n<li>Unsere Toiletten sind bereits mit desinfizierter Seife ausger\u00fcstet und wir haben Verhaltens- und Hygieneregeln im ganzen Haus angebracht. Nat\u00fcrlich werden auch wir die Lage im Auge behalten und auf Ver\u00e4nderungen reagieren. F\u00fcr den Moment hoffen wir, dass wir mit den beschlossenen Massnahmen unseren Beitrag dazu leisten k\u00f6nnen, eine weitere Ausbreitung zu verlangsamen und Personen mit erh\u00f6htem Risiko zu sch\u00fctzen.<\/li>\n<\/ul>\n<p>Bei Fragen oder f\u00fcr weitergehende Informationen w\u00fcrden wir uns \u00fcber eine Kontaktnahem via Email an <a href=\"mailto:mail@familienzentrum-bezirk-affoltern.ch\">mail@familienzentrum-bezirk-affoltern.ch<\/a> freuen.<\/p>\n<p>Die Emails werden regelm\u00e4ssig beantwortet.<\/p>\n<p>Wir w\u00fcnschen Ihnen gute Gesundheit und freuen uns auf ein baldiges Wiedersehen!<\/p>\n<p>Der Vorstand und die Betriebsleitung<\/p>\n","protected":false},"excerpt":{"rendered":"<p>Liebe Freunde Aufgrund der Entscheidung des Bundesrats, wird der Schulunterricht ab Montag bis 11. Mai 2020 schweizweit eingestellt. Der Kanton Z\u00fcrich hat entschieden, diese Phase bis nach den Fr\u00fchlingsferien zu erweitern. Nach R\u00fccksprache mit anderen Familienzentren innerhalb und ausserhalb des Kantons\u00a0reagiert auch das Familienzentrum auf die neue Lagebeurteilung. Ab Montag, 16. M\u00e4rz und bis zur [&hellip;]<\/p>\n","protected":false},"author":1,"featured_media":1750,"comment_status":"closed","ping_status":"closed","sticky":false,"template":"","format":"standard","meta":{"footnotes":""},"categories":[4,5],"tags":[],"class_list":["post-12418","post","type-post","status-publish","format-standard","has-post-thumbnail","hentry","category-not-in-search-results","category-slides-alt"],"_links":{"self":[{"href":"https:\/\/recursing-nash.185-101-158-178.plesk.page\/index.php\/wp-json\/wp\/v2\/posts\/12418","targetHints":{"allow":["GET"]}}],"collection":[{"href":"https:\/\/recursing-nash.185-101-158-178.plesk.page\/index.php\/wp-json\/wp\/v2\/posts"}],"about":[{"href":"https:\/\/recursing-nash.185-101-158-178.plesk.page\/index.php\/wp-json\/wp\/v2\/types\/post"}],"author":[{"embeddable":true,"href":"https:\/\/recursing-nash.185-101-158-178.plesk.page\/index.php\/wp-json\/wp\/v2\/users\/1"}],"replies":[{"embeddable":true,"href":"https:\/\/recursing-nash.185-101-158-178.plesk.page\/index.php\/wp-json\/wp\/v2\/comments?post=12418"}],"version-history":[{"count":0,"href":"https:\/\/recursing-nash.185-101-158-178.plesk.page\/index.php\/wp-json\/wp\/v2\/posts\/12418\/revisions"}],"wp:featuredmedia":[{"embeddable":true,"href":"https:\/\/recursing-nash.185-101-158-178.plesk.page\/index.php\/wp-json\/wp\/v2\/media\/1750"}],"wp:attachment":[{"href":"https:\/\/recursing-nash.185-101-158-178.plesk.page\/index.php\/wp-json\/wp\/v2\/media?parent=12418"}],"wp:term":[{"taxonomy":"category","embeddable":true,"href":"https:\/\/recursing-nash.185-101-158-178.plesk.page\/index.php\/wp-json\/wp\/v2\/categories?post=12418"},{"taxonomy":"post_tag","embeddable":true,"href":"https:\/\/recursing-nash.185-101-158-178.plesk.page\/index.php\/wp-json\/wp\/v2\/tags?post=12418"}],"curies":[{"name":"wp","href":"https:\/\/api.w.org\/{rel}","templated":true}]}}