{"id":12475,"date":"2020-05-12T16:01:45","date_gmt":"2020-05-12T14:01:45","guid":{"rendered":"https:\/\/familienzentrum-bezirk-affoltern.ch\/?p=12475"},"modified":"2020-05-12T16:01:45","modified_gmt":"2020-05-12T14:01:45","slug":"teiloeffnung-des-familienzentrums","status":"publish","type":"post","link":"https:\/\/recursing-nash.185-101-158-178.plesk.page\/index.php\/2020\/05\/12\/teiloeffnung-des-familienzentrums\/","title":{"rendered":"Teil\u00f6ffnung des Familienzentrums"},"content":{"rendered":"<p><a href=\"https:\/\/familienzentrum-bezirk-affoltern.ch\/wp-content\/uploads\/2019\/02\/logo-famze-oceanwp-2.png\"><img decoding=\"async\" class=\"aligncenter size-full wp-image-10629\" src=\"https:\/\/familienzentrum-bezirk-affoltern.ch\/wp-content\/uploads\/2019\/02\/logo-famze-oceanwp-2.png\" alt=\"\" width=\"164\" height=\"62\" \/><\/a><\/p>\n<p>Liebe Freundin, lieber Freund<\/p>\n<p>Das Familienzentrum \u00f6ffnet ab 11. Mai seine T\u00fcren wieder. Wir freuen uns, in den R\u00e4umlichkeiten des Hauses regelm\u00e4ssig wieder spielende, lachende und gl\u00fcckliche Kinder anzutreffen.<br \/>\nBitte beachte, dass einige unsere Angebote den Betrieb wieder vollumf\u00e4nglich aufgenommen haben, einige sind jedoch nur eingeschr\u00e4nkt offen.<\/p>\n<ul>\n<li>Die <strong>Spielgruppe<\/strong> ist wie \u00fcblich, Montag bis Donnerstag, f\u00fcr Deine Kinder da<\/li>\n<li>\u00a0Der <strong>Knirpsentreff<\/strong> wird stufenweise wieder eingef\u00fchrt<\/li>\n<li>\u00a0F\u00fcr geplante <strong>Kurse<\/strong> werden wir situativ entscheiden und die angemeldeten Teilnehmer\/- innen entsprechend informieren.<\/li>\n<li>Ab Montag 25.05 kochen wir wieder <strong>Mittagessen<\/strong> f\u00fcr dich!<\/li>\n<\/ul>\n<p>Wir nutzen die gr\u00f6sseren R\u00e4umlichkeiten im 1. Stock., damit ein angebrachtes Mass an Distanz eingehalten werden kann.<br \/>\nF\u00fcr einige Kurse und Anl\u00e4sse haben wir ein neues Datum finden k\u00f6nnen. Bitte beachte diesbez\u00fcglich unsere Homepage\u00a0<a href=\"http:\/\/www.familienzentrum-bezirk-affoltern.ch\">www.familienzentrum-bezirk-affoltern.ch<\/a><\/p>\n<ul>\n<li>Der<strong> Tag des Kind<\/strong>es wird verschoben, voraussichtlich in den <strong>Herbst<\/strong>. Das genaue Datum folgt.<\/li>\n<li>F\u00fcr das <strong>Kafi<\/strong> erarbeiten wir gerade ein neues Konzept, um Dich und Deine Kinder unter der Einhaltung der vorgeschriebenen Massnahmen wieder begr\u00fcssen zu d\u00fcrfen. Wir halten Dich via Homepage auf dem Laufenden.<\/li>\n<li>Die <strong>Kinderh\u00fceti<\/strong> bleibt sicherlich bis zum 08. Juni geschlossen.<\/li>\n<li>Unsere Toiletten sind bereits mit desinfizierter Seife ausger\u00fcstet und wir haben Verhaltens- und Hygieneregeln im ganzen Haus angebracht.<\/li>\n<\/ul>\n<p>Nat\u00fcrlich werden auch wir die Lage im Auge behalten und auf Ver\u00e4nderungen reagieren. F\u00fcr den Moment hoffen wir, dass wir mit den beschlossenen Massnahmen unseren Beitrag dazu leisten k\u00f6nnen, eine weitere Ausbreitung zu verlangsamen und Personen mit erh\u00f6htem Risiko zu sch\u00fctzen.<\/p>\n<p>Bei Fragen oder f\u00fcr weitergehende Informationen w\u00fcrden wir uns \u00fcber eine Kontaktnahme via E-Mail an <a href=\"mailto:mail@familienzentrum-bezirk-affoltern.ch\">mail@familienzentrum-bezirk-affoltern.ch<\/a>\u00a0freuen. Die Emails werden regelm\u00e4ssig beantwortet.<\/p>\n<p>Wir w\u00fcnschen Dir gute Gesundheit und freuen uns auf ein baldiges Wiedersehen!<\/p>\n<p>Der Vorstand &amp; die Betriebsleitung<\/p>\n","protected":false},"excerpt":{"rendered":"<p>Liebe Freundin, lieber Freund Das Familienzentrum \u00f6ffnet ab 11. Mai seine T\u00fcren wieder. Wir freuen uns, in den R\u00e4umlichkeiten des Hauses regelm\u00e4ssig wieder spielende, lachende und gl\u00fcckliche Kinder anzutreffen. Bitte beachte, dass einige unsere Angebote den Betrieb wieder vollumf\u00e4nglich aufgenommen haben, einige sind jedoch nur eingeschr\u00e4nkt offen. Die Spielgruppe ist wie \u00fcblich, Montag bis Donnerstag, [&hellip;]<\/p>\n","protected":false},"author":1,"featured_media":1750,"comment_status":"closed","ping_status":"closed","sticky":false,"template":"","format":"standard","meta":{"footnotes":""},"categories":[4,5],"tags":[79],"class_list":["post-12475","post","type-post","status-publish","format-standard","has-post-thumbnail","hentry","category-not-in-search-results","category-slides-alt","tag-coronavirus"],"_links":{"self":[{"href":"https:\/\/recursing-nash.185-101-158-178.plesk.page\/index.php\/wp-json\/wp\/v2\/posts\/12475","targetHints":{"allow":["GET"]}}],"collection":[{"href":"https:\/\/recursing-nash.185-101-158-178.plesk.page\/index.php\/wp-json\/wp\/v2\/posts"}],"about":[{"href":"https:\/\/recursing-nash.185-101-158-178.plesk.page\/index.php\/wp-json\/wp\/v2\/types\/post"}],"author":[{"embeddable":true,"href":"https:\/\/recursing-nash.185-101-158-178.plesk.page\/index.php\/wp-json\/wp\/v2\/users\/1"}],"replies":[{"embeddable":true,"href":"https:\/\/recursing-nash.185-101-158-178.plesk.page\/index.php\/wp-json\/wp\/v2\/comments?post=12475"}],"version-history":[{"count":0,"href":"https:\/\/recursing-nash.185-101-158-178.plesk.page\/index.php\/wp-json\/wp\/v2\/posts\/12475\/revisions"}],"wp:featuredmedia":[{"embeddable":true,"href":"https:\/\/recursing-nash.185-101-158-178.plesk.page\/index.php\/wp-json\/wp\/v2\/media\/1750"}],"wp:attachment":[{"href":"https:\/\/recursing-nash.185-101-158-178.plesk.page\/index.php\/wp-json\/wp\/v2\/media?parent=12475"}],"wp:term":[{"taxonomy":"category","embeddable":true,"href":"https:\/\/recursing-nash.185-101-158-178.plesk.page\/index.php\/wp-json\/wp\/v2\/categories?post=12475"},{"taxonomy":"post_tag","embeddable":true,"href":"https:\/\/recursing-nash.185-101-158-178.plesk.page\/index.php\/wp-json\/wp\/v2\/tags?post=12475"}],"curies":[{"name":"wp","href":"https:\/\/api.w.org\/{rel}","templated":true}]}}