{"id":12831,"date":"2020-07-10T15:15:06","date_gmt":"2020-07-10T13:15:06","guid":{"rendered":"https:\/\/familienzentrum-bezirk-affoltern.ch\/?p=12831"},"modified":"2020-07-10T15:15:06","modified_gmt":"2020-07-10T13:15:06","slug":"das-kafi-ist-waehrend-den-sommerferien-offen","status":"publish","type":"post","link":"https:\/\/recursing-nash.185-101-158-178.plesk.page\/index.php\/2020\/07\/10\/das-kafi-ist-waehrend-den-sommerferien-offen\/","title":{"rendered":"Kafi w\u00e4hrend den Sommerferien offen!"},"content":{"rendered":"<p><em>\u00abGute Nachrichten \u2013 Kafi im Familienzentrum bleibt in den Sommerferien offen!\u00bb<\/em><\/p>\n<p>Endlich Sommerferien! Ausschlafen, austoben, Freunde treffen \u2013 wieso eigentlich nicht im\u00a0Familienzentrum Bezirk Affoltern? Unser Kafi-Betrieb ist w\u00e4hrend den Sommerferien jeweils am <strong>Dienstag,\u00a0Mittwoch und Donnerstag von 10 bis 14 Uhr<\/strong> ge\u00f6ffnet und l\u00e4dt alle, die die Sommerferien zu\u00a0Hause verbringen, auf einen Besuch ein.\u00a0Das Kafi-Team hat sich f\u00fcr die Sommerzeit einiges einfallen lassen. Es gibt t\u00e4glich feine\u00a0<strong>Hotdogs<\/strong>, herrlich-duftende selbstgemachte Waffeln und verschiedene <strong>Eissorten<\/strong> und\u00a0<strong>Eisshakes<\/strong> zu geniessen. Kind und Kegel sind also herzlich willkommen und jederzeit wohl\u00a0umsorgt. Unseren erwachsenen G\u00e4sten servieren wir gerne einen k\u00fchlen <strong>Eiskaffee<\/strong> und die\u00a0Kinder d\u00fcrfen sich auf einen feinen <strong>Lattelino<\/strong> freuen. Den selbstgemachten und oft vor Ort\u00a0gebackenen <strong>Kuchen<\/strong> gibt es nach wie vor t\u00e4glich dazu.<\/p>\n<p>Bei sch\u00f6nem Wetter stehen f\u00fcr die Kinder viele Spielger\u00e4te und ein <strong>Planschbecken<\/strong> zum\u00a0Abk\u00fchlen bereit. So steht den Familien nun nichts mehr im Weg, auf der gem\u00fctlichen\u00a0<strong>Garten-Lounge<\/strong> die Seele baumeln zu lassen, w\u00e4hrend sich die Kinder auf dem einladenden\u00a0Gartenspielplatz vergn\u00fcgen. Da nach den Sommerferien unsere Gartenspielgruppe Viva\u00a0startet, stehen jetzt schon diverse <strong>Naturspielger\u00e4te zum Ausprobieren<\/strong> f\u00fcr unsere G\u00e4ste bereit. Das farbenfrohe <strong>Spielzimmer mit B\u00e4llelibad<\/strong> im Inneren des Hauses bietet wiederum\u00a0eine perfekte Alternative bei schlechtem Wetter an.<\/p>\n<p>Das Kafi-Team freut sich auf viele Besucher und l\u00e4dt ein, gem\u00fctlich im Familienzentrum zu verweilen und dabei die Sommerferien zu geniessen.<\/p>\n<p><a href=\"https:\/\/familienzentrum-bezirk-affoltern.ch\/wp-content\/uploads\/2020\/07\/Kinder-im-Garten-scaled.jpg\"><img fetchpriority=\"high\" decoding=\"async\" class=\"aligncenter size-medium wp-image-12832\" src=\"https:\/\/familienzentrum-bezirk-affoltern.ch\/wp-content\/uploads\/2020\/07\/Kinder-im-Garten-300x225.jpg\" alt=\"Kinder im Garten - Familienzentrum Bezirk Affoltern\" width=\"300\" height=\"225\" \/><\/a><\/p>\n","protected":false},"excerpt":{"rendered":"<p>\u00abGute Nachrichten \u2013 Kafi im Familienzentrum bleibt in den Sommerferien offen!\u00bb Endlich Sommerferien! Ausschlafen, austoben, Freunde treffen \u2013 wieso eigentlich nicht im\u00a0Familienzentrum Bezirk Affoltern? Unser Kafi-Betrieb ist w\u00e4hrend den Sommerferien jeweils am Dienstag,\u00a0Mittwoch und Donnerstag von 10 bis 14 Uhr ge\u00f6ffnet und l\u00e4dt alle, die die Sommerferien zu\u00a0Hause verbringen, auf einen Besuch ein.\u00a0Das Kafi-Team hat [&hellip;]<\/p>\n","protected":false},"author":1,"featured_media":12832,"comment_status":"closed","ping_status":"closed","sticky":false,"template":"","format":"standard","meta":{"footnotes":""},"categories":[4,5],"tags":[96,190,191,220],"class_list":["post-12831","post","type-post","status-publish","format-standard","has-post-thumbnail","hentry","category-not-in-search-results","category-slides-alt","tag-familien","tag-sommerferien","tag-spielen","tag-wasser"],"_links":{"self":[{"href":"https:\/\/recursing-nash.185-101-158-178.plesk.page\/index.php\/wp-json\/wp\/v2\/posts\/12831","targetHints":{"allow":["GET"]}}],"collection":[{"href":"https:\/\/recursing-nash.185-101-158-178.plesk.page\/index.php\/wp-json\/wp\/v2\/posts"}],"about":[{"href":"https:\/\/recursing-nash.185-101-158-178.plesk.page\/index.php\/wp-json\/wp\/v2\/types\/post"}],"author":[{"embeddable":true,"href":"https:\/\/recursing-nash.185-101-158-178.plesk.page\/index.php\/wp-json\/wp\/v2\/users\/1"}],"replies":[{"embeddable":true,"href":"https:\/\/recursing-nash.185-101-158-178.plesk.page\/index.php\/wp-json\/wp\/v2\/comments?post=12831"}],"version-history":[{"count":0,"href":"https:\/\/recursing-nash.185-101-158-178.plesk.page\/index.php\/wp-json\/wp\/v2\/posts\/12831\/revisions"}],"wp:featuredmedia":[{"embeddable":true,"href":"https:\/\/recursing-nash.185-101-158-178.plesk.page\/index.php\/wp-json\/wp\/v2\/media\/12832"}],"wp:attachment":[{"href":"https:\/\/recursing-nash.185-101-158-178.plesk.page\/index.php\/wp-json\/wp\/v2\/media?parent=12831"}],"wp:term":[{"taxonomy":"category","embeddable":true,"href":"https:\/\/recursing-nash.185-101-158-178.plesk.page\/index.php\/wp-json\/wp\/v2\/categories?post=12831"},{"taxonomy":"post_tag","embeddable":true,"href":"https:\/\/recursing-nash.185-101-158-178.plesk.page\/index.php\/wp-json\/wp\/v2\/tags?post=12831"}],"curies":[{"name":"wp","href":"https:\/\/api.w.org\/{rel}","templated":true}]}}