{"id":12986,"date":"2020-09-02T15:40:03","date_gmt":"2020-09-02T13:40:03","guid":{"rendered":"https:\/\/familienzentrum-bezirk-affoltern.ch\/?p=12986"},"modified":"2020-09-02T15:40:03","modified_gmt":"2020-09-02T13:40:03","slug":"abschied-von-michele-hasler","status":"publish","type":"post","link":"https:\/\/recursing-nash.185-101-158-178.plesk.page\/index.php\/2020\/09\/02\/abschied-von-michele-hasler\/","title":{"rendered":"Abschied von Mich\u00e8le Hasler"},"content":{"rendered":"<p>Unsere Co-Betriebsleiterin Mich\u00e8le Hasler verlies unseren Betrieb per Ende August, um ihren beruflichen Horizont zu erweitern und sich neuen Herausforderungen zu stellen.<\/p>\n<p>Lang war sie uns eine St\u00fctze, mehr als sechs Jahre ihr Engagement gezeigt, ihr Durchhalteverm\u00f6gen bewiesen und eine Menge Energie in die Angebote und Anl\u00e4sse gesteckt. Daf\u00fcr danken wir ihr von Herzen und werden sie sehr vermissen.<\/p>\n<p><strong>Nicole Boller<\/strong> wird unsere neue Betriebsleiterin intern und \u00fcbernimmt nach ihrem Mutterschaftsurlaub anfangs Dezember\u00a0 die Aufgaben von Mich\u00e8le. Wir freuen uns jetzt schon auf die Zusammenarbeit mit ihr, denn durch ihre herzliche und offene Pers\u00f6nlichkeit wird sie eine Bereicherung f\u00fcr unseren Betrieb!<\/p>\n<p>Ab Dezember werden wir also im neu aufgestellten Leitungsduo und mit allen engagierten Frauen zusammen das Familienzentrum rocken und eine neue \u00c4ra beginnen.<\/p>\n<p>In der Zwischenzeit (Ende August bis anfangs Dezember) \u00fcbernimmt Michelle Furter alle Aufgaben der Betriebsleitung.<br \/>\nAber auch wenn es herausfordernd, intensiv und allen Einiges abverlangen wird&#8230;WIR WERDEN ES SCHAFFEN!<\/p>\n<p>Wir freuen uns auf unsere gemeinsamen Projekte und die noch engere Zusammenarbeit mit allen Mitarbeiterinnen und dem Vorstand!<\/p>\n<p><a href=\"https:\/\/familienzentrum-bezirk-affoltern.ch\/wp-content\/uploads\/2020\/09\/Michele-Niggi-scaled.jpg\"><img fetchpriority=\"high\" decoding=\"async\" class=\"aligncenter size-medium wp-image-12987\" src=\"https:\/\/familienzentrum-bezirk-affoltern.ch\/wp-content\/uploads\/2020\/09\/Michele-Niggi-300x220.jpg\" alt=\"Sch\u00fcssel \u00dcbergabe: die neue Betriebsleiterin Intern bekommt den Hausschl\u00fcssel\" width=\"300\" height=\"220\" \/><\/a><\/p>\n","protected":false},"excerpt":{"rendered":"<p>Unsere Co-Betriebsleiterin Mich\u00e8le Hasler verlies unseren Betrieb per Ende August, um ihren beruflichen Horizont zu erweitern und sich neuen Herausforderungen zu stellen. Lang war sie uns eine St\u00fctze, mehr als sechs Jahre ihr Engagement gezeigt, ihr Durchhalteverm\u00f6gen bewiesen und eine Menge Energie in die Angebote und Anl\u00e4sse gesteckt. Daf\u00fcr danken wir ihr von Herzen und [&hellip;]<\/p>\n","protected":false},"author":1,"featured_media":12987,"comment_status":"open","ping_status":"open","sticky":false,"template":"","format":"standard","meta":{"footnotes":""},"categories":[4,5],"tags":[68],"class_list":["post-12986","post","type-post","status-publish","format-standard","has-post-thumbnail","hentry","category-not-in-search-results","category-slides-alt","tag-betriebsleitung"],"_links":{"self":[{"href":"https:\/\/recursing-nash.185-101-158-178.plesk.page\/index.php\/wp-json\/wp\/v2\/posts\/12986","targetHints":{"allow":["GET"]}}],"collection":[{"href":"https:\/\/recursing-nash.185-101-158-178.plesk.page\/index.php\/wp-json\/wp\/v2\/posts"}],"about":[{"href":"https:\/\/recursing-nash.185-101-158-178.plesk.page\/index.php\/wp-json\/wp\/v2\/types\/post"}],"author":[{"embeddable":true,"href":"https:\/\/recursing-nash.185-101-158-178.plesk.page\/index.php\/wp-json\/wp\/v2\/users\/1"}],"replies":[{"embeddable":true,"href":"https:\/\/recursing-nash.185-101-158-178.plesk.page\/index.php\/wp-json\/wp\/v2\/comments?post=12986"}],"version-history":[{"count":0,"href":"https:\/\/recursing-nash.185-101-158-178.plesk.page\/index.php\/wp-json\/wp\/v2\/posts\/12986\/revisions"}],"wp:featuredmedia":[{"embeddable":true,"href":"https:\/\/recursing-nash.185-101-158-178.plesk.page\/index.php\/wp-json\/wp\/v2\/media\/12987"}],"wp:attachment":[{"href":"https:\/\/recursing-nash.185-101-158-178.plesk.page\/index.php\/wp-json\/wp\/v2\/media?parent=12986"}],"wp:term":[{"taxonomy":"category","embeddable":true,"href":"https:\/\/recursing-nash.185-101-158-178.plesk.page\/index.php\/wp-json\/wp\/v2\/categories?post=12986"},{"taxonomy":"post_tag","embeddable":true,"href":"https:\/\/recursing-nash.185-101-158-178.plesk.page\/index.php\/wp-json\/wp\/v2\/tags?post=12986"}],"curies":[{"name":"wp","href":"https:\/\/api.w.org\/{rel}","templated":true}]}}