{"id":20085,"date":"2022-06-24T15:08:58","date_gmt":"2022-06-24T13:08:58","guid":{"rendered":"https:\/\/familienzentrum-bezirk-affoltern.ch\/?p=20085"},"modified":"2022-06-24T15:08:58","modified_gmt":"2022-06-24T13:08:58","slug":"danke-obi-affoltern-am-albis","status":"publish","type":"post","link":"https:\/\/recursing-nash.185-101-158-178.plesk.page\/index.php\/2022\/06\/24\/danke-obi-affoltern-am-albis\/","title":{"rendered":"Danke, OBI Affoltern am Albis!"},"content":{"rendered":"\t\t<div data-elementor-type=\"wp-post\" data-elementor-id=\"20085\" class=\"elementor elementor-20085\">\n\t\t\t\t\t\t<section class=\"elementor-section elementor-top-section elementor-element elementor-element-5ff9abee elementor-section-boxed elementor-section-height-default elementor-section-height-default\" data-id=\"5ff9abee\" data-element_type=\"section\">\n\t\t\t\t\t\t<div class=\"elementor-container elementor-column-gap-default\">\n\t\t\t\t\t<div class=\"elementor-column elementor-col-100 elementor-top-column elementor-element elementor-element-632e269\" data-id=\"632e269\" data-element_type=\"column\">\n\t\t\t<div class=\"elementor-widget-wrap elementor-element-populated\">\n\t\t\t\t\t\t<div class=\"elementor-element elementor-element-eb33d16 elementor-widget elementor-widget-image\" data-id=\"eb33d16\" data-element_type=\"widget\" data-widget_type=\"image.default\">\n\t\t\t\t<div class=\"elementor-widget-container\">\n\t\t\t\t\t\t\t\t\t\t\t\t\t<img fetchpriority=\"high\" decoding=\"async\" width=\"800\" height=\"600\" src=\"https:\/\/recursing-nash.185-101-158-178.plesk.page\/wp-content\/uploads\/2022\/06\/Obi-Spende-1-1024x768.jpg\" class=\"attachment-large size-large wp-image-20086\" alt=\"OBI spendet f\u00fcr das Familienzentrum\" srcset=\"https:\/\/recursing-nash.185-101-158-178.plesk.page\/wp-content\/uploads\/2022\/06\/Obi-Spende-1-1024x768.jpg 1024w, https:\/\/recursing-nash.185-101-158-178.plesk.page\/wp-content\/uploads\/2022\/06\/Obi-Spende-1-300x225.jpg 300w, https:\/\/recursing-nash.185-101-158-178.plesk.page\/wp-content\/uploads\/2022\/06\/Obi-Spende-1-768x576.jpg 768w, https:\/\/recursing-nash.185-101-158-178.plesk.page\/wp-content\/uploads\/2022\/06\/Obi-Spende-1-1536x1152.jpg 1536w, https:\/\/recursing-nash.185-101-158-178.plesk.page\/wp-content\/uploads\/2022\/06\/Obi-Spende-1.jpg 2048w\" sizes=\"(max-width: 800px) 100vw, 800px\" \/>\t\t\t\t\t\t\t\t\t\t\t\t\t<\/div>\n\t\t\t\t<\/div>\n\t\t\t\t<div class=\"elementor-element elementor-element-541c887 elementor-widget elementor-widget-spacer\" data-id=\"541c887\" data-element_type=\"widget\" data-widget_type=\"spacer.default\">\n\t\t\t\t<div class=\"elementor-widget-container\">\n\t\t\t\t\t<div class=\"elementor-spacer\">\n\t\t\t<div class=\"elementor-spacer-inner\"><\/div>\n\t\t<\/div>\n\t\t\t\t<\/div>\n\t\t\t\t<\/div>\n\t\t\t\t<div class=\"elementor-element elementor-element-5955e75d elementor-widget elementor-widget-text-editor\" data-id=\"5955e75d\" data-element_type=\"widget\" data-widget_type=\"text-editor.default\">\n\t\t\t\t<div class=\"elementor-widget-container\">\n\t\t\t\t\t\t\tDie Filiale OBI Affoltern am Albis hat 2 Ger\u00e4te im Wert von CHF 300 f\u00fcr die Pflege unseres Garten gespendet. Wir sind sehr Dankbar daf\u00fcr!\t\t\t\t\t\t<\/div>\n\t\t\t\t<\/div>\n\t\t\t\t\t<\/div>\n\t\t<\/div>\n\t\t\t\t\t<\/div>\n\t\t<\/section>\n\t\t\t\t<\/div>\n\t\t","protected":false},"excerpt":{"rendered":"<p>Die Filiale OBI Affoltern am Albis hat 2 Ger\u00e4te im Wert von CHF 300 f\u00fcr die Pflege unseres Garten gespendet. Wir sind sehr Dankbar daf\u00fcr!<\/p>\n","protected":false},"author":1,"featured_media":20086,"comment_status":"closed","ping_status":"closed","sticky":false,"template":"","format":"standard","meta":{"footnotes":""},"categories":[6,5],"tags":[96,97,39,42,43],"class_list":["post-20085","post","type-post","status-publish","format-standard","has-post-thumbnail","hentry","category-aktuelles","category-slides-alt","tag-familien","tag-familienzentrum-bezirk-affoltern","tag-obi","tag-spenden","tag-verein"],"_links":{"self":[{"href":"https:\/\/recursing-nash.185-101-158-178.plesk.page\/index.php\/wp-json\/wp\/v2\/posts\/20085","targetHints":{"allow":["GET"]}}],"collection":[{"href":"https:\/\/recursing-nash.185-101-158-178.plesk.page\/index.php\/wp-json\/wp\/v2\/posts"}],"about":[{"href":"https:\/\/recursing-nash.185-101-158-178.plesk.page\/index.php\/wp-json\/wp\/v2\/types\/post"}],"author":[{"embeddable":true,"href":"https:\/\/recursing-nash.185-101-158-178.plesk.page\/index.php\/wp-json\/wp\/v2\/users\/1"}],"replies":[{"embeddable":true,"href":"https:\/\/recursing-nash.185-101-158-178.plesk.page\/index.php\/wp-json\/wp\/v2\/comments?post=20085"}],"version-history":[{"count":0,"href":"https:\/\/recursing-nash.185-101-158-178.plesk.page\/index.php\/wp-json\/wp\/v2\/posts\/20085\/revisions"}],"wp:featuredmedia":[{"embeddable":true,"href":"https:\/\/recursing-nash.185-101-158-178.plesk.page\/index.php\/wp-json\/wp\/v2\/media\/20086"}],"wp:attachment":[{"href":"https:\/\/recursing-nash.185-101-158-178.plesk.page\/index.php\/wp-json\/wp\/v2\/media?parent=20085"}],"wp:term":[{"taxonomy":"category","embeddable":true,"href":"https:\/\/recursing-nash.185-101-158-178.plesk.page\/index.php\/wp-json\/wp\/v2\/categories?post=20085"},{"taxonomy":"post_tag","embeddable":true,"href":"https:\/\/recursing-nash.185-101-158-178.plesk.page\/index.php\/wp-json\/wp\/v2\/tags?post=20085"}],"curies":[{"name":"wp","href":"https:\/\/api.w.org\/{rel}","templated":true}]}}