{"id":22324,"date":"2022-10-01T18:42:43","date_gmt":"2022-10-01T16:42:43","guid":{"rendered":"https:\/\/familienzentrum-bezirk-affoltern.ch\/?p=22324"},"modified":"2022-10-01T18:42:43","modified_gmt":"2022-10-01T16:42:43","slug":"jubilaeumsfest-fotogalerie","status":"publish","type":"post","link":"https:\/\/recursing-nash.185-101-158-178.plesk.page\/index.php\/2022\/10\/01\/jubilaeumsfest-fotogalerie\/","title":{"rendered":"Familienzentrum Jubil\u00e4umsfest &#8211; So sch\u00f6n war es"},"content":{"rendered":"\t\t<div data-elementor-type=\"wp-post\" data-elementor-id=\"22324\" class=\"elementor elementor-22324\">\n\t\t\t\t\t\t<section class=\"elementor-section elementor-top-section elementor-element elementor-element-98f3b18 elementor-section-boxed elementor-section-height-default elementor-section-height-default\" data-id=\"98f3b18\" data-element_type=\"section\">\n\t\t\t\t\t\t<div class=\"elementor-container elementor-column-gap-default\">\n\t\t\t\t\t<div class=\"elementor-column elementor-col-100 elementor-top-column elementor-element elementor-element-eaa34ac\" data-id=\"eaa34ac\" data-element_type=\"column\">\n\t\t\t<div class=\"elementor-widget-wrap elementor-element-populated\">\n\t\t\t\t\t\t<div class=\"elementor-element elementor-element-f22195e elementor-widget elementor-widget-heading\" data-id=\"f22195e\" data-element_type=\"widget\" data-widget_type=\"heading.default\">\n\t\t\t\t<div class=\"elementor-widget-container\">\n\t\t\t<h2 class=\"elementor-heading-title elementor-size-default\">Jubil\u00e4umsfest - 25 Jahre Familienzentrum Bezirk Affoltern<\/h2>\t\t<\/div>\n\t\t\t\t<\/div>\n\t\t\t\t<div class=\"elementor-element elementor-element-a672f6f elementor-widget elementor-widget-heading\" data-id=\"a672f6f\" data-element_type=\"widget\" data-widget_type=\"heading.default\">\n\t\t\t\t<div class=\"elementor-widget-container\">\n\t\t\t<h3 class=\"elementor-heading-title elementor-size-default\">Obfelden, 10. September 2022<\/h3>\t\t<\/div>\n\t\t\t\t<\/div>\n\t\t\t\t<div class=\"elementor-element elementor-element-d8a5368 elementor-widget elementor-widget-text-editor\" data-id=\"d8a5368\" data-element_type=\"widget\" data-widget_type=\"text-editor.default\">\n\t\t\t\t<div class=\"elementor-widget-container\">\n\t\t\t\t\t\t\t<p>Am Samstag, 10.09. haben wir unser 25. Jahre Jubil\u00e4um gefeiert.<\/p><p>Vielen Dank an unseren Sponsoren, Mitglieder, Mitarbeiterinnen und Familienangeh\u00f6rigen f\u00fcr ein wunderbares Fest!<\/p><p>Hier ein paar Impressionen. Vielen Dank an die Fotografin Maria Kuny!<\/p>\t\t\t\t\t\t<\/div>\n\t\t\t\t<\/div>\n\t\t\t\t<div class=\"elementor-element elementor-element-32547a3 elementor-widget elementor-widget-gallery\" data-id=\"32547a3\" data-element_type=\"widget\" data-widget_type=\"gallery.default\">\n\t\t\t\t<div class=\"elementor-widget-container\">\n\t\t\t \t\t<\/div>\n\t\t\t\t<\/div>\n\t\t\t\t\t<\/div>\n\t\t<\/div>\n\t\t\t\t\t<\/div>\n\t\t<\/section>\n\t\t\t\t<\/div>\n\t\t","protected":false},"excerpt":{"rendered":"<p>Jubil\u00e4umsfest &#8211; 25 Jahre Familienzentrum Bezirk Affoltern Obfelden, 10. September 2022 Am Samstag, 10.09. haben wir unser 25. Jahre Jubil\u00e4um gefeiert. Vielen Dank an unseren Sponsoren, Mitglieder, Mitarbeiterinnen und Familienangeh\u00f6rigen f\u00fcr ein wunderbares Fest! Hier ein paar Impressionen. Vielen Dank an die Fotografin Maria Kuny!<\/p>\n","protected":false},"author":1,"featured_media":22383,"comment_status":"closed","ping_status":"closed","sticky":false,"template":"","format":"standard","meta":{"footnotes":""},"categories":[8],"tags":[38,97,37],"class_list":["post-22324","post","type-post","status-publish","format-standard","has-post-thumbnail","hentry","category-fotos","tag-anlaesse","tag-familienzentrum-bezirk-affoltern","tag-jubilaeumsfest"],"_links":{"self":[{"href":"https:\/\/recursing-nash.185-101-158-178.plesk.page\/index.php\/wp-json\/wp\/v2\/posts\/22324","targetHints":{"allow":["GET"]}}],"collection":[{"href":"https:\/\/recursing-nash.185-101-158-178.plesk.page\/index.php\/wp-json\/wp\/v2\/posts"}],"about":[{"href":"https:\/\/recursing-nash.185-101-158-178.plesk.page\/index.php\/wp-json\/wp\/v2\/types\/post"}],"author":[{"embeddable":true,"href":"https:\/\/recursing-nash.185-101-158-178.plesk.page\/index.php\/wp-json\/wp\/v2\/users\/1"}],"replies":[{"embeddable":true,"href":"https:\/\/recursing-nash.185-101-158-178.plesk.page\/index.php\/wp-json\/wp\/v2\/comments?post=22324"}],"version-history":[{"count":0,"href":"https:\/\/recursing-nash.185-101-158-178.plesk.page\/index.php\/wp-json\/wp\/v2\/posts\/22324\/revisions"}],"wp:featuredmedia":[{"embeddable":true,"href":"https:\/\/recursing-nash.185-101-158-178.plesk.page\/index.php\/wp-json\/wp\/v2\/media\/22383"}],"wp:attachment":[{"href":"https:\/\/recursing-nash.185-101-158-178.plesk.page\/index.php\/wp-json\/wp\/v2\/media?parent=22324"}],"wp:term":[{"taxonomy":"category","embeddable":true,"href":"https:\/\/recursing-nash.185-101-158-178.plesk.page\/index.php\/wp-json\/wp\/v2\/categories?post=22324"},{"taxonomy":"post_tag","embeddable":true,"href":"https:\/\/recursing-nash.185-101-158-178.plesk.page\/index.php\/wp-json\/wp\/v2\/tags?post=22324"}],"curies":[{"name":"wp","href":"https:\/\/api.w.org\/{rel}","templated":true}]}}