{"id":7222,"date":"2017-03-31T13:30:10","date_gmt":"2017-03-31T11:30:10","guid":{"rendered":"http:\/\/familienzentrum-bezirk-affoltern.ch\/?p=7222"},"modified":"2017-03-31T13:30:10","modified_gmt":"2017-03-31T11:30:10","slug":"mittagstisch-am-freitag-im-familienzentrum-3","status":"publish","type":"post","link":"https:\/\/recursing-nash.185-101-158-178.plesk.page\/index.php\/2017\/03\/31\/mittagstisch-am-freitag-im-familienzentrum-3\/","title":{"rendered":"Mittagessen am Freitag im Familienzentrum"},"content":{"rendered":"<p>\u00dcberlassen Sie das Kochen uns\u00a0und geniessen Sie mit Ihrem Kind die gemeinsame Mittagszeit oder tauschen Sie sich mit anderen Eltern aus, w\u00e4hrend sich Ihre Kinder im grossz\u00fcgigen Spielzimmer vergn\u00fcgen, malen oder in der Leseecke zahlreiche B\u00fccher entdecken. Diesen Freitag kocht f\u00fcr uns die erfahrene Daniela Bachmann.<\/p>\n<h3>Men\u00fc f\u00fcr 07. April\u00a02017<\/h3>\n<table>\n<tbody>\n<tr>\n<td><strong>Men\u00fc<\/strong>:<\/td>\n<td><strong>Karottensuppe<\/strong>\/Gem\u00fcsest\u00e4bchen<br \/>\n<strong>Selbstgemachter K\u00e4sekuchen mit verschiedenen Salaten (Gr\u00fcn, Mais, Randen)<\/strong><br \/>\n0.3 l Getr\u00e4nk<\/td>\n<\/tr>\n<tr>\n<td><strong>Zeit<\/strong>:<\/td>\n<td>12.15 \u2013 13.30 Uhr<\/td>\n<\/tr>\n<tr>\n<td><strong>Ort<\/strong>:<\/td>\n<td>Kafi mit Spielzimmer, Familienzentrum Bezirk Affoltern<\/td>\n<\/tr>\n<tr>\n<td><strong>Kosten:<\/strong><\/td>\n<td>Erwachsene: CHF 15.00<br \/>\nKinder\u00a0bis 5 Jahren: CHF 5.00<br \/>\nKinder bis 10 Jahren: CHF 10.00<\/td>\n<\/tr>\n<tr>\n<td><strong>Informationen<br \/>\n&amp; Anmeldung<\/strong>:<\/td>\n<td>Co-Leitung Kafi mit Spielzimmer<br \/>\nDaniela Bachmann, <a href=\"mailto:daniela_bachmann@outlook.com\"><u><span style=\"color: #0066cc;\">daniela_bachmann@outlook.com<br \/>\n<\/span><\/u><\/a>077 428 86 81<\/td>\n<\/tr>\n<\/tbody>\n<\/table>\n<p><a href=\"https:\/\/familienzentrum-bezirk-affoltern.ch\/wp-content\/uploads\/2017\/01\/lasagna-283254_640.jpg\"><img decoding=\"async\" class=\"wp-image-6987 size-thumbnail alignleft\" src=\"https:\/\/familienzentrum-bezirk-affoltern.ch\/wp-content\/uploads\/2017\/01\/lasagna-283254_640-150x150.jpg\" width=\"150\" height=\"150\" \/><\/a><a href=\"https:\/\/familienzentrum-bezirk-affoltern.ch\/wp-content\/uploads\/2017\/01\/Roesti.jpg\"><img decoding=\"async\" class=\"wp-image-6957 size-thumbnail alignleft\" src=\"https:\/\/familienzentrum-bezirk-affoltern.ch\/wp-content\/uploads\/2017\/01\/Roesti-150x150.jpg\" alt=\"Roesti\" width=\"150\" height=\"150\" \/><\/a><a href=\"https:\/\/familienzentrum-bezirk-affoltern.ch\/wp-content\/uploads\/2017\/01\/13975312269_52baa2abdc_q.jpg\"><img decoding=\"async\" class=\"size-full wp-image-6937 alignleft\" src=\"https:\/\/familienzentrum-bezirk-affoltern.ch\/wp-content\/uploads\/2017\/01\/13975312269_52baa2abdc_q.jpg\" alt=\"Paella\" width=\"150\" height=\"150\" \/><\/a><a href=\"https:\/\/familienzentrum-bezirk-affoltern.ch\/wp-content\/uploads\/2017\/01\/meat-445064_1280.jpg\"><img loading=\"lazy\" decoding=\"async\" class=\"size-thumbnail wp-image-7043 alignleft\" src=\"https:\/\/familienzentrum-bezirk-affoltern.ch\/wp-content\/uploads\/2017\/01\/meat-445064_1280-150x150.jpg\" alt=\"Reis mit Poulet geschnetzeltes\" width=\"150\" height=\"150\" \/><\/a><\/p>\n<p>Der Mittagstisch kann regelm\u00e4ssig oder nur sporadisch besucht werden. Eine Anmeldung ist jedoch erw\u00fcnscht.<br \/>\nDas Men\u00fc kann eine Woche im Voraus via Homepage oder telefonisch angefragt werden.<\/p>\n<p>An schulfreien Tagen und w\u00e4hrend den Ferien bleibt der Mittagstisch geschlossen.<\/p>\n","protected":false},"excerpt":{"rendered":"<p>\u00dcberlassen Sie das Kochen uns\u00a0und geniessen Sie mit Ihrem Kind die gemeinsame Mittagszeit oder tauschen Sie sich mit anderen Eltern aus, w\u00e4hrend sich Ihre Kinder im grossz\u00fcgigen Spielzimmer vergn\u00fcgen, malen oder in der Leseecke zahlreiche B\u00fccher entdecken. Diesen Freitag kocht f\u00fcr uns die erfahrene Daniela Bachmann. Men\u00fc f\u00fcr 07. April\u00a02017 Men\u00fc: Karottensuppe\/Gem\u00fcsest\u00e4bchen Selbstgemachter K\u00e4sekuchen mit [&hellip;]<\/p>\n","protected":false},"author":1,"featured_media":7225,"comment_status":"closed","ping_status":"closed","sticky":false,"template":"","format":"standard","meta":{"footnotes":""},"categories":[4,5],"tags":[],"class_list":["post-7222","post","type-post","status-publish","format-standard","has-post-thumbnail","hentry","category-not-in-search-results","category-slides-alt"],"_links":{"self":[{"href":"https:\/\/recursing-nash.185-101-158-178.plesk.page\/index.php\/wp-json\/wp\/v2\/posts\/7222","targetHints":{"allow":["GET"]}}],"collection":[{"href":"https:\/\/recursing-nash.185-101-158-178.plesk.page\/index.php\/wp-json\/wp\/v2\/posts"}],"about":[{"href":"https:\/\/recursing-nash.185-101-158-178.plesk.page\/index.php\/wp-json\/wp\/v2\/types\/post"}],"author":[{"embeddable":true,"href":"https:\/\/recursing-nash.185-101-158-178.plesk.page\/index.php\/wp-json\/wp\/v2\/users\/1"}],"replies":[{"embeddable":true,"href":"https:\/\/recursing-nash.185-101-158-178.plesk.page\/index.php\/wp-json\/wp\/v2\/comments?post=7222"}],"version-history":[{"count":0,"href":"https:\/\/recursing-nash.185-101-158-178.plesk.page\/index.php\/wp-json\/wp\/v2\/posts\/7222\/revisions"}],"wp:featuredmedia":[{"embeddable":true,"href":"https:\/\/recursing-nash.185-101-158-178.plesk.page\/index.php\/wp-json\/wp\/v2\/media\/7225"}],"wp:attachment":[{"href":"https:\/\/recursing-nash.185-101-158-178.plesk.page\/index.php\/wp-json\/wp\/v2\/media?parent=7222"}],"wp:term":[{"taxonomy":"category","embeddable":true,"href":"https:\/\/recursing-nash.185-101-158-178.plesk.page\/index.php\/wp-json\/wp\/v2\/categories?post=7222"},{"taxonomy":"post_tag","embeddable":true,"href":"https:\/\/recursing-nash.185-101-158-178.plesk.page\/index.php\/wp-json\/wp\/v2\/tags?post=7222"}],"curies":[{"name":"wp","href":"https:\/\/api.w.org\/{rel}","templated":true}]}}