{"id":7825,"date":"2017-07-10T09:34:05","date_gmt":"2017-07-10T07:34:05","guid":{"rendered":"https:\/\/familienzentrum-bezirk-affoltern.ch\/?p=7825"},"modified":"2017-07-10T09:34:05","modified_gmt":"2017-07-10T07:34:05","slug":"vorverkauf-konzerttickets-andrew-bond","status":"publish","type":"post","link":"https:\/\/recursing-nash.185-101-158-178.plesk.page\/index.php\/2017\/07\/10\/vorverkauf-konzerttickets-andrew-bond\/","title":{"rendered":"Vorverkauf Konzerttickets Andrew Bond"},"content":{"rendered":"<h3>Konzert zum Mitsingen<\/h3>\n<p style=\"text-align: left;\"><a href=\"https:\/\/familienzentrum-bezirk-affoltern.ch\/wp-content\/uploads\/2016\/10\/P1270553-e1477495210993.jpg\"><img fetchpriority=\"high\" decoding=\"async\" class=\"alignleft wp-image-6715 size-medium\" src=\"https:\/\/familienzentrum-bezirk-affoltern.ch\/wp-content\/uploads\/2016\/10\/P1270553-e1503303404178-300x225.jpg\" alt=\"Andrew Bond Konzert, Familienzentrum Bezirk Affoltern\" width=\"300\" height=\"225\" srcset=\"https:\/\/recursing-nash.185-101-158-178.plesk.page\/wp-content\/uploads\/2016\/10\/P1270553-e1503303404178-300x225.jpg 300w, https:\/\/recursing-nash.185-101-158-178.plesk.page\/wp-content\/uploads\/2016\/10\/P1270553-e1503303404178-1024x768.jpg 1024w, https:\/\/recursing-nash.185-101-158-178.plesk.page\/wp-content\/uploads\/2016\/10\/P1270553-e1503303404178-768x576.jpg 768w, https:\/\/recursing-nash.185-101-158-178.plesk.page\/wp-content\/uploads\/2016\/10\/P1270553-e1503303404178-1536x1152.jpg 1536w, https:\/\/recursing-nash.185-101-158-178.plesk.page\/wp-content\/uploads\/2016\/10\/P1270553-e1503303404178.jpg 2048w\" sizes=\"(max-width: 300px) 100vw, 300px\" \/><\/a> <a href=\"https:\/\/familienzentrum-bezirk-affoltern.ch\/wp-content\/uploads\/2016\/10\/P1270693.jpg\"><img decoding=\"async\" class=\"alignleft wp-image-6717 size-medium\" src=\"https:\/\/familienzentrum-bezirk-affoltern.ch\/wp-content\/uploads\/2016\/10\/P1270693-300x225.jpg\" alt=\"Andrew BoAndrew Bond Konzert, Familienzentrum Bezirk Affolternnd Konzert, Famiilienzentrum Bezirk Affoltern\" width=\"300\" height=\"225\" srcset=\"https:\/\/recursing-nash.185-101-158-178.plesk.page\/wp-content\/uploads\/2016\/10\/P1270693-300x225.jpg 300w, https:\/\/recursing-nash.185-101-158-178.plesk.page\/wp-content\/uploads\/2016\/10\/P1270693-1024x768.jpg 1024w, https:\/\/recursing-nash.185-101-158-178.plesk.page\/wp-content\/uploads\/2016\/10\/P1270693-768x576.jpg 768w, https:\/\/recursing-nash.185-101-158-178.plesk.page\/wp-content\/uploads\/2016\/10\/P1270693-1536x1152.jpg 1536w, https:\/\/recursing-nash.185-101-158-178.plesk.page\/wp-content\/uploads\/2016\/10\/P1270693.jpg 2048w\" sizes=\"(max-width: 300px) 100vw, 300px\" \/><\/a><a href=\"https:\/\/familienzentrum-bezirk-affoltern.ch\/wp-content\/uploads\/2016\/10\/P1000144.jpg\"><img decoding=\"async\" class=\"alignleft wp-image-6712 size-medium\" src=\"https:\/\/familienzentrum-bezirk-affoltern.ch\/wp-content\/uploads\/2016\/10\/P1000144-300x225.jpg\" alt=\"Andrew Bond Konzert, Familienzentrum Bezirk Affoltern\" width=\"300\" height=\"225\" srcset=\"https:\/\/recursing-nash.185-101-158-178.plesk.page\/wp-content\/uploads\/2016\/10\/P1000144-300x225.jpg 300w, https:\/\/recursing-nash.185-101-158-178.plesk.page\/wp-content\/uploads\/2016\/10\/P1000144-1024x768.jpg 1024w, https:\/\/recursing-nash.185-101-158-178.plesk.page\/wp-content\/uploads\/2016\/10\/P1000144-768x576.jpg 768w, https:\/\/recursing-nash.185-101-158-178.plesk.page\/wp-content\/uploads\/2016\/10\/P1000144-1536x1152.jpg 1536w, https:\/\/recursing-nash.185-101-158-178.plesk.page\/wp-content\/uploads\/2016\/10\/P1000144.jpg 2048w\" sizes=\"(max-width: 300px) 100vw, 300px\" \/><\/a><\/p>\n<p>&nbsp;<\/p>\n<p>&nbsp;<\/p>\n<p>&nbsp;<\/p>\n<p>&nbsp;<\/p>\n<p style=\"text-align: left;\">Andrew Bond zelebriert mit dem Familienzentrum die Freude am Singen. Mit zwei Konzerten, wird Affoltern eine richtige Tanzb\u00fchne. Das Vorverkauf f\u00fcr die Andrew Bond Konzerttickets f\u00e4ngt am 1. September an.<\/p>\n<table>\n<tbody>\n<tr>\n<td><strong>Datum<\/strong><\/td>\n<td>Mittwoch, 15. November 2017<\/td>\n<\/tr>\n<tr>\n<td><strong>T\u00fcroffnung<\/strong><\/td>\n<td>13.30 Uhr<\/td>\n<\/tr>\n<tr>\n<td><strong>Konzertbeginn<\/strong><\/td>\n<td>Konzert 1 14.00 Uhr<br \/>\nKonzert 2 16.00 Uhr<\/td>\n<\/tr>\n<tr>\n<td><strong>Ort<\/strong>:<\/td>\n<td>Aula Schulhaus Ennetgraben, Affoltern am Albis<\/td>\n<\/tr>\n<tr>\n<td><strong>Vorverkauf<br \/>\n<\/strong><\/td>\n<td><strong>Ab 1. September 2017<\/strong> in Familienzentrum Bezirk Affoltern, Z\u00fcrichstrasse 136, Affoltern am Albis<br \/>\nAb CHF 12.- pro Person<br \/>\nTageskasse Ab CHF 17.- pro Person, ab 13.30 Uhr<\/td>\n<\/tr>\n<tr>\n<td><strong>Informationen<\/strong><\/td>\n<td>Betriebsleitung, Telefon 044 760 12 77<br \/>\n<a href=\"mailto:mail@familienzentrum-bezirk-affoltern.ch\">mail@familienzentrum-bezirk-affoltern.ch<\/a><br \/>\n<a href=\"http:\/\/www.familienzentrum-bezirk-affoltern.ch\">www.familienzentrum-bezirk-affoltern.ch<\/a><\/td>\n<\/tr>\n<\/tbody>\n<\/table>\n","protected":false},"excerpt":{"rendered":"<p>Konzert zum Mitsingen &nbsp; &nbsp; &nbsp; &nbsp; Andrew Bond zelebriert mit dem Familienzentrum die Freude am Singen. Mit zwei Konzerten, wird Affoltern eine richtige Tanzb\u00fchne. Das Vorverkauf f\u00fcr die Andrew Bond Konzerttickets f\u00e4ngt am 1. September an. Datum Mittwoch, 15. November 2017 T\u00fcroffnung 13.30 Uhr Konzertbeginn Konzert 1 14.00 Uhr Konzert 2 16.00 Uhr Ort: [&hellip;]<\/p>\n","protected":false},"author":1,"featured_media":6711,"comment_status":"closed","ping_status":"closed","sticky":false,"template":"","format":"standard","meta":{"footnotes":""},"categories":[4,5],"tags":[59,147],"class_list":["post-7825","post","type-post","status-publish","format-standard","has-post-thumbnail","hentry","category-not-in-search-results","category-slides-alt","tag-andrew-bond","tag-konzert"],"_links":{"self":[{"href":"https:\/\/recursing-nash.185-101-158-178.plesk.page\/index.php\/wp-json\/wp\/v2\/posts\/7825","targetHints":{"allow":["GET"]}}],"collection":[{"href":"https:\/\/recursing-nash.185-101-158-178.plesk.page\/index.php\/wp-json\/wp\/v2\/posts"}],"about":[{"href":"https:\/\/recursing-nash.185-101-158-178.plesk.page\/index.php\/wp-json\/wp\/v2\/types\/post"}],"author":[{"embeddable":true,"href":"https:\/\/recursing-nash.185-101-158-178.plesk.page\/index.php\/wp-json\/wp\/v2\/users\/1"}],"replies":[{"embeddable":true,"href":"https:\/\/recursing-nash.185-101-158-178.plesk.page\/index.php\/wp-json\/wp\/v2\/comments?post=7825"}],"version-history":[{"count":0,"href":"https:\/\/recursing-nash.185-101-158-178.plesk.page\/index.php\/wp-json\/wp\/v2\/posts\/7825\/revisions"}],"wp:featuredmedia":[{"embeddable":true,"href":"https:\/\/recursing-nash.185-101-158-178.plesk.page\/index.php\/wp-json\/wp\/v2\/media\/6711"}],"wp:attachment":[{"href":"https:\/\/recursing-nash.185-101-158-178.plesk.page\/index.php\/wp-json\/wp\/v2\/media?parent=7825"}],"wp:term":[{"taxonomy":"category","embeddable":true,"href":"https:\/\/recursing-nash.185-101-158-178.plesk.page\/index.php\/wp-json\/wp\/v2\/categories?post=7825"},{"taxonomy":"post_tag","embeddable":true,"href":"https:\/\/recursing-nash.185-101-158-178.plesk.page\/index.php\/wp-json\/wp\/v2\/tags?post=7825"}],"curies":[{"name":"wp","href":"https:\/\/api.w.org\/{rel}","templated":true}]}}