{"id":8089,"date":"2017-09-25T10:48:28","date_gmt":"2017-09-25T08:48:28","guid":{"rendered":"https:\/\/familienzentrum-bezirk-affoltern.ch\/?p=8089"},"modified":"2017-09-25T10:48:28","modified_gmt":"2017-09-25T08:48:28","slug":"8089-2","status":"publish","type":"post","link":"https:\/\/recursing-nash.185-101-158-178.plesk.page\/index.php\/2017\/09\/25\/8089-2\/","title":{"rendered":"Kinderfest Knonau f\u00fcr Afrika 2017"},"content":{"rendered":"<p><a href=\"https:\/\/familienzentrum-bezirk-affoltern.ch\/wp-content\/uploads\/2017\/09\/cover_kinderfest_2017.jpg\"><img fetchpriority=\"high\" decoding=\"async\" class=\"aligncenter size-full wp-image-8090\" src=\"https:\/\/familienzentrum-bezirk-affoltern.ch\/wp-content\/uploads\/2017\/09\/cover_kinderfest_2017.jpg\" alt=\"\" width=\"257\" height=\"364\" srcset=\"https:\/\/recursing-nash.185-101-158-178.plesk.page\/wp-content\/uploads\/2017\/09\/cover_kinderfest_2017.jpg 257w, https:\/\/recursing-nash.185-101-158-178.plesk.page\/wp-content\/uploads\/2017\/09\/cover_kinderfest_2017-212x300.jpg 212w\" sizes=\"(max-width: 257px) 100vw, 257px\" \/><\/a><\/p>\n<p>Am 30. September 2017 organisiert Monika Henzler, in Knonau wohnhaft und Vorstandsmitglied von Mamadou &amp; Bineta, einmal mehr das \u00f6ffentliche Kinderfest &#8222;Knonau f\u00fcr Afrika&#8220;. Wir freuen uns riesig und danken bereits jetzt allen, die sich in irgendeiner Form f\u00fcr diesen Anlass engagieren! Jeder, der Zeit findet, ist herzlich eingeladen! Wir freuen uns auf Euren Besuch!<\/p>\n<p><a href=\"http:\/\/www.mamadouetbineta.org\" target=\"_blank\" rel=\"noopener\">Auf den externen Link von Mamadou &amp; Bineta finden Sie das Programm und mehr Informationen.<\/a><\/p>\n<p>&nbsp;<\/p>\n","protected":false},"excerpt":{"rendered":"<p>Am 30. September 2017 organisiert Monika Henzler, in Knonau wohnhaft und Vorstandsmitglied von Mamadou &amp; Bineta, einmal mehr das \u00f6ffentliche Kinderfest &#8222;Knonau f\u00fcr Afrika&#8220;. Wir freuen uns riesig und danken bereits jetzt allen, die sich in irgendeiner Form f\u00fcr diesen Anlass engagieren! Jeder, der Zeit findet, ist herzlich eingeladen! Wir freuen uns auf Euren Besuch! [&hellip;]<\/p>\n","protected":false},"author":1,"featured_media":8090,"comment_status":"closed","ping_status":"closed","sticky":false,"template":"","format":"standard","meta":{"footnotes":""},"categories":[4,5],"tags":[51,129],"class_list":["post-8089","post","type-post","status-publish","format-standard","has-post-thumbnail","hentry","category-not-in-search-results","category-slides-alt","tag-afrika","tag-kinderfest"],"_links":{"self":[{"href":"https:\/\/recursing-nash.185-101-158-178.plesk.page\/index.php\/wp-json\/wp\/v2\/posts\/8089","targetHints":{"allow":["GET"]}}],"collection":[{"href":"https:\/\/recursing-nash.185-101-158-178.plesk.page\/index.php\/wp-json\/wp\/v2\/posts"}],"about":[{"href":"https:\/\/recursing-nash.185-101-158-178.plesk.page\/index.php\/wp-json\/wp\/v2\/types\/post"}],"author":[{"embeddable":true,"href":"https:\/\/recursing-nash.185-101-158-178.plesk.page\/index.php\/wp-json\/wp\/v2\/users\/1"}],"replies":[{"embeddable":true,"href":"https:\/\/recursing-nash.185-101-158-178.plesk.page\/index.php\/wp-json\/wp\/v2\/comments?post=8089"}],"version-history":[{"count":0,"href":"https:\/\/recursing-nash.185-101-158-178.plesk.page\/index.php\/wp-json\/wp\/v2\/posts\/8089\/revisions"}],"wp:featuredmedia":[{"embeddable":true,"href":"https:\/\/recursing-nash.185-101-158-178.plesk.page\/index.php\/wp-json\/wp\/v2\/media\/8090"}],"wp:attachment":[{"href":"https:\/\/recursing-nash.185-101-158-178.plesk.page\/index.php\/wp-json\/wp\/v2\/media?parent=8089"}],"wp:term":[{"taxonomy":"category","embeddable":true,"href":"https:\/\/recursing-nash.185-101-158-178.plesk.page\/index.php\/wp-json\/wp\/v2\/categories?post=8089"},{"taxonomy":"post_tag","embeddable":true,"href":"https:\/\/recursing-nash.185-101-158-178.plesk.page\/index.php\/wp-json\/wp\/v2\/tags?post=8089"}],"curies":[{"name":"wp","href":"https:\/\/api.w.org\/{rel}","templated":true}]}}