{"id":9029,"date":"2018-03-26T10:20:06","date_gmt":"2018-03-26T08:20:06","guid":{"rendered":"https:\/\/familienzentrum-bezirk-affoltern.ch\/?p=9029"},"modified":"2018-03-26T10:20:06","modified_gmt":"2018-03-26T08:20:06","slug":"einladung-zur-21-mitgliederversammlung","status":"publish","type":"post","link":"https:\/\/recursing-nash.185-101-158-178.plesk.page\/index.php\/2018\/03\/26\/einladung-zur-21-mitgliederversammlung\/","title":{"rendered":"Einladung zur 21. Mitgliederversammlung"},"content":{"rendered":"<p>Die 21. Mitgliederversammlung findet am<\/p>\n<p><strong>Freitag, 13. April 2018 19:00 \u2013 21:00 Uhr<\/strong><\/p>\n<p>statt, in Familienzentrum Bezirk Affoltern, 1. Stock, Z\u00fcrichstr. 136, Affoltern am Albis.<\/p>\n<p>Die diesj\u00e4hrige Mitgliederversammlung steht im Zeichen der grossen Herausforderungen, welche 2018\/19 auf das Familienzentrum zukommen werden. Mit der K\u00fcndigung der Leistungsvereinbarung durch die Fachstelle f\u00fcr Integrationsfragen des Kantons, ist letztes Jahr \u00fcberraschend eine wichtige finanzielle St\u00fctze weggebrochen. Sollte kein Ersatz f\u00fcr die nun fehlenden Mittel gefunden werden, ist der Fortbestand des Familienzentrums akut gef\u00e4hrdet.<\/p>\n<p>Auch droht nach dem kurzfristigen R\u00fccktritt unserer Pr\u00e4sidentin anfangs M\u00e4rz eine Unterbesetzung im Vorstand. Es werden dringend interessierte, engagierte und gestaltungswillige Personen gesucht, die bereit sind, im Vorstand<br \/>\nmitzuwirken.<\/p>\n<p>Der Vorstand arbeitet gemeinsam mit den Betriebsleiterinnen an m\u00f6glichen L\u00f6sungen f\u00fcr eine nachhaltige Zukunft und wird diese an der Mitgliederversammlung zur Diskussion stellen, mit dem Ziel einer breiten Abst\u00fctzung im Verein.<\/p>\n<p><em>Traktanden<\/em><\/p>\n<p>1. Begr\u00fcssung<\/p>\n<p>2. Wahl der Stimmenz\u00e4hlerin \/ des Stimmenz\u00e4hlers<\/p>\n<p>3. Genehmigung des Protokolls der 20. Mitgliederversammlung vom 31. M\u00e4rz 2017<\/p>\n<p>4. Abnahme des Jahresberichts 2017<\/p>\n<p>5. Abnahme der Rechnung 2017 und Bericht der Revisoren<\/p>\n<p>6. Abnahme Budget 2018<\/p>\n<p>7. Genehmigung der Mitgliederbeitr\u00e4ge 2019<\/p>\n<p>8. Genehmigung der Statuten\u00e4nderung<\/p>\n<p>9. Ausblick und Ziele 2018<\/p>\n<p>10. Wahlen:<\/p>\n<p style=\"padding-left: 30px;\">\u2022 Neuwahl Vorstand<br \/>\n\u2022 Wahl der Revisorin<\/p>\n<p>11. Varia<\/p>\n<p>2018 Einladung Mitgliederversammlung<\/p>\n<p><a href=\"https:\/\/familienzentrum-bezirk-affoltern.ch\/wp-content\/uploads\/2018\/03\/2017_Jahresbericht_Familienzentrum_Bezirk_Affoltern.pdf\">2017 Jahresbericht Familienzentrum Bezirk Affoltern<\/a><\/p>\n<p>Antrag auf \u00c4nderung der Statuten Familienzentrum Bezirk Affoltern, aktuell<\/p>\n<p> Protokoll der 20. Mitgliederversammlung des Vereins Familienzentrum Bezirk Affoltern<\/p>\n<p>Wir z\u00e4hlen auf Ihr\/euer zahlreiches Erscheinen und eine engagierte Partizipation aller Anwesenden!<\/p>\n<p>Gem\u00e4ss Statuten ist die Teilnahme an der Mitgliederversammlung <strong>verbindlich<\/strong>. Sollte es Ihnen\/dir nicht m\u00f6glich sein teilzunehmen, bitten wir Sie\/dich um Abmeldung bis sp\u00e4testens <strong>8. April 2018<\/strong> an <a href=\"mailto:carmen.spauwen@familienzentrum-bezirk-affoltern.ch\">carmen.spauwen@familienzentrum-bezirk-affoltern.ch<\/a>.<\/p>\n<p>Nach dem offiziellen Teilsind alle herzlich zu einem gemeinsamen Ap\u00e9ro eingeladen.<\/p>\n","protected":false},"excerpt":{"rendered":"<p>Die 21. Mitgliederversammlung findet am Freitag, 13. April 2018 19:00 \u2013 21:00 Uhr statt, in Familienzentrum Bezirk Affoltern, 1. Stock, Z\u00fcrichstr. 136, Affoltern am Albis. Die diesj\u00e4hrige Mitgliederversammlung steht im Zeichen der grossen Herausforderungen, welche 2018\/19 auf das Familienzentrum zukommen werden. Mit der K\u00fcndigung der Leistungsvereinbarung durch die Fachstelle f\u00fcr Integrationsfragen des Kantons, ist letztes [&hellip;]<\/p>\n","protected":false},"author":1,"featured_media":9033,"comment_status":"closed","ping_status":"closed","sticky":false,"template":"","format":"standard","meta":{"footnotes":""},"categories":[4,5],"tags":[97,168],"class_list":["post-9029","post","type-post","status-publish","format-standard","has-post-thumbnail","hentry","category-not-in-search-results","category-slides-alt","tag-familienzentrum-bezirk-affoltern","tag-mitgliederversammlung"],"_links":{"self":[{"href":"https:\/\/recursing-nash.185-101-158-178.plesk.page\/index.php\/wp-json\/wp\/v2\/posts\/9029","targetHints":{"allow":["GET"]}}],"collection":[{"href":"https:\/\/recursing-nash.185-101-158-178.plesk.page\/index.php\/wp-json\/wp\/v2\/posts"}],"about":[{"href":"https:\/\/recursing-nash.185-101-158-178.plesk.page\/index.php\/wp-json\/wp\/v2\/types\/post"}],"author":[{"embeddable":true,"href":"https:\/\/recursing-nash.185-101-158-178.plesk.page\/index.php\/wp-json\/wp\/v2\/users\/1"}],"replies":[{"embeddable":true,"href":"https:\/\/recursing-nash.185-101-158-178.plesk.page\/index.php\/wp-json\/wp\/v2\/comments?post=9029"}],"version-history":[{"count":0,"href":"https:\/\/recursing-nash.185-101-158-178.plesk.page\/index.php\/wp-json\/wp\/v2\/posts\/9029\/revisions"}],"wp:featuredmedia":[{"embeddable":true,"href":"https:\/\/recursing-nash.185-101-158-178.plesk.page\/index.php\/wp-json\/wp\/v2\/media\/9033"}],"wp:attachment":[{"href":"https:\/\/recursing-nash.185-101-158-178.plesk.page\/index.php\/wp-json\/wp\/v2\/media?parent=9029"}],"wp:term":[{"taxonomy":"category","embeddable":true,"href":"https:\/\/recursing-nash.185-101-158-178.plesk.page\/index.php\/wp-json\/wp\/v2\/categories?post=9029"},{"taxonomy":"post_tag","embeddable":true,"href":"https:\/\/recursing-nash.185-101-158-178.plesk.page\/index.php\/wp-json\/wp\/v2\/tags?post=9029"}],"curies":[{"name":"wp","href":"https:\/\/api.w.org\/{rel}","templated":true}]}}