{"id":9063,"date":"2018-03-26T10:21:19","date_gmt":"2018-03-26T08:21:19","guid":{"rendered":"https:\/\/familienzentrum-bezirk-affoltern.ch\/?p=9063"},"modified":"2018-03-26T10:21:19","modified_gmt":"2018-03-26T08:21:19","slug":"yoga-fuer-kinder","status":"publish","type":"post","link":"https:\/\/recursing-nash.185-101-158-178.plesk.page\/index.php\/2018\/03\/26\/yoga-fuer-kinder\/","title":{"rendered":"Yoga f\u00fcr Kinder"},"content":{"rendered":"<p>Yoga bietet einen sanften Weg zu sich zu finden und ohne Leistungsdruck das K\u00f6rperbewusstsein zu entwickeln. Auch f\u00fcr Kinder eignet sich Yoga. In Kinderyoga steht das spielerische Erlernen von Yoga in Mittelpunkt. Es werden Yoga-Stellungen, Kraft, Dehnung, Koordination, Konzentration und Entspannung ge\u00fcbt.<\/p>\n<p>Der Kurs ist f\u00fcr Kinder ab Kindergartenalter bis zu der 3. Klasse gedacht.<\/p>\n<p>Weitere Infos und Anmeldung finden Sie hier.<\/p>\n<p><a href=\"https:\/\/familienzentrum-bezirk-affoltern.ch\/wp-content\/uploads\/2018\/03\/Kinderyoga.jpg\"><img fetchpriority=\"high\" decoding=\"async\" class=\"aligncenter size-medium wp-image-9068\" src=\"https:\/\/familienzentrum-bezirk-affoltern.ch\/wp-content\/uploads\/2018\/03\/Kinderyoga-300x300.jpg\" alt=\"Yoga f\u00fcr Kinder\" width=\"300\" height=\"300\" srcset=\"https:\/\/recursing-nash.185-101-158-178.plesk.page\/wp-content\/uploads\/2018\/03\/Kinderyoga-300x300.jpg 300w, https:\/\/recursing-nash.185-101-158-178.plesk.page\/wp-content\/uploads\/2018\/03\/Kinderyoga-150x150.jpg 150w, https:\/\/recursing-nash.185-101-158-178.plesk.page\/wp-content\/uploads\/2018\/03\/Kinderyoga.jpg 340w\" sizes=\"(max-width: 300px) 100vw, 300px\" \/><\/a><\/p>\n<p>&nbsp;<\/p>\n","protected":false},"excerpt":{"rendered":"<p>Yoga bietet einen sanften Weg zu sich zu finden und ohne Leistungsdruck das K\u00f6rperbewusstsein zu entwickeln. Auch f\u00fcr Kinder eignet sich Yoga. In Kinderyoga steht das spielerische Erlernen von Yoga in Mittelpunkt. Es werden Yoga-Stellungen, Kraft, Dehnung, Koordination, Konzentration und Entspannung ge\u00fcbt. Der Kurs ist f\u00fcr Kinder ab Kindergartenalter bis zu der 3. Klasse gedacht. [&hellip;]<\/p>\n","protected":false},"author":1,"featured_media":9064,"comment_status":"closed","ping_status":"closed","sticky":false,"template":"","format":"standard","meta":{"footnotes":""},"categories":[4,5],"tags":[139,223],"class_list":["post-9063","post","type-post","status-publish","format-standard","has-post-thumbnail","hentry","category-not-in-search-results","category-slides-alt","tag-kinderyoga","tag-yoga"],"_links":{"self":[{"href":"https:\/\/recursing-nash.185-101-158-178.plesk.page\/index.php\/wp-json\/wp\/v2\/posts\/9063","targetHints":{"allow":["GET"]}}],"collection":[{"href":"https:\/\/recursing-nash.185-101-158-178.plesk.page\/index.php\/wp-json\/wp\/v2\/posts"}],"about":[{"href":"https:\/\/recursing-nash.185-101-158-178.plesk.page\/index.php\/wp-json\/wp\/v2\/types\/post"}],"author":[{"embeddable":true,"href":"https:\/\/recursing-nash.185-101-158-178.plesk.page\/index.php\/wp-json\/wp\/v2\/users\/1"}],"replies":[{"embeddable":true,"href":"https:\/\/recursing-nash.185-101-158-178.plesk.page\/index.php\/wp-json\/wp\/v2\/comments?post=9063"}],"version-history":[{"count":0,"href":"https:\/\/recursing-nash.185-101-158-178.plesk.page\/index.php\/wp-json\/wp\/v2\/posts\/9063\/revisions"}],"wp:featuredmedia":[{"embeddable":true,"href":"https:\/\/recursing-nash.185-101-158-178.plesk.page\/index.php\/wp-json\/wp\/v2\/media\/9064"}],"wp:attachment":[{"href":"https:\/\/recursing-nash.185-101-158-178.plesk.page\/index.php\/wp-json\/wp\/v2\/media?parent=9063"}],"wp:term":[{"taxonomy":"category","embeddable":true,"href":"https:\/\/recursing-nash.185-101-158-178.plesk.page\/index.php\/wp-json\/wp\/v2\/categories?post=9063"},{"taxonomy":"post_tag","embeddable":true,"href":"https:\/\/recursing-nash.185-101-158-178.plesk.page\/index.php\/wp-json\/wp\/v2\/tags?post=9063"}],"curies":[{"name":"wp","href":"https:\/\/api.w.org\/{rel}","templated":true}]}}