{"id":9101,"date":"2018-04-09T10:14:13","date_gmt":"2018-04-09T08:14:13","guid":{"rendered":"https:\/\/familienzentrum-bezirk-affoltern.ch\/?page_id=9101"},"modified":"2018-04-09T10:14:13","modified_gmt":"2018-04-09T08:14:13","slug":"der-osterhase-kommt-5","status":"publish","type":"post","link":"https:\/\/recursing-nash.185-101-158-178.plesk.page\/index.php\/2018\/04\/09\/der-osterhase-kommt-5\/","title":{"rendered":"Der Osterhase kommt! Besuch der Osterhase in 2018"},"content":{"rendered":"<p>Alle, die den Osterhasen schon lange pers\u00f6nlich kennenlernen wollten, hatten am 27. M\u00e4rz die Gelegenheit, an diesem speziellen Anlass im Kafi mit Spielzimmer dabei zu sein.<\/p>\n<p>Selbstverst\u00e4ndlich kam der Osterhase nicht mit leeren H\u00e4nden den Kindern besuchen. Die kleinen Oster\u00fcberraschungen mussten aber erst gefunden werden.<\/p>\n<p>Ausserdem hatten die kleinen K\u00fcnstler und K\u00fcnstlerinnen die M\u00f6glichkeit, bunte Eier zu kreieren oder Osterbilder farbig auszumalen.<\/p>\n<p>Das Familienzentrum Bezirk Affoltern &#8211; und ganz besonders der Osterhase- freuten sich auf viele grosse und kleine BesucherInnen.<\/p>\n<div id='gallery-1' class='gallery galleryid-9101 gallery-columns-3 gallery-size-thumbnail'><figure class='gallery-item'>\n\t\t\t<div class='gallery-icon landscape'>\n\t\t\t\t<a href='https:\/\/recursing-nash.185-101-158-178.plesk.page\/wp-content\/uploads\/2018\/04\/Osterhase_Anlass1.jpg'><img decoding=\"async\" width=\"150\" height=\"150\" src=\"https:\/\/recursing-nash.185-101-158-178.plesk.page\/wp-content\/uploads\/2018\/04\/Osterhase_Anlass1-150x150.jpg\" class=\"attachment-thumbnail size-thumbnail\" alt=\"\" \/><\/a>\n\t\t\t<\/div><\/figure><figure class='gallery-item'>\n\t\t\t<div class='gallery-icon landscape'>\n\t\t\t\t<a href='https:\/\/recursing-nash.185-101-158-178.plesk.page\/wp-content\/uploads\/2018\/04\/Osterhase_Anlass2.jpg'><img decoding=\"async\" width=\"150\" height=\"150\" src=\"https:\/\/recursing-nash.185-101-158-178.plesk.page\/wp-content\/uploads\/2018\/04\/Osterhase_Anlass2-150x150.jpg\" class=\"attachment-thumbnail size-thumbnail\" alt=\"\" \/><\/a>\n\t\t\t<\/div><\/figure><figure class='gallery-item'>\n\t\t\t<div class='gallery-icon landscape'>\n\t\t\t\t<a href='https:\/\/recursing-nash.185-101-158-178.plesk.page\/wp-content\/uploads\/2018\/04\/Osterhase_Anlass3.jpg'><img decoding=\"async\" width=\"150\" height=\"150\" src=\"https:\/\/recursing-nash.185-101-158-178.plesk.page\/wp-content\/uploads\/2018\/04\/Osterhase_Anlass3-150x150.jpg\" class=\"attachment-thumbnail size-thumbnail\" alt=\"\" \/><\/a>\n\t\t\t<\/div><\/figure><figure class='gallery-item'>\n\t\t\t<div class='gallery-icon landscape'>\n\t\t\t\t<a href='https:\/\/recursing-nash.185-101-158-178.plesk.page\/wp-content\/uploads\/2018\/04\/Osterhase_Anlass4.jpg'><img loading=\"lazy\" decoding=\"async\" width=\"150\" height=\"150\" src=\"https:\/\/recursing-nash.185-101-158-178.plesk.page\/wp-content\/uploads\/2018\/04\/Osterhase_Anlass4-150x150.jpg\" class=\"attachment-thumbnail size-thumbnail\" alt=\"\" \/><\/a>\n\t\t\t<\/div><\/figure><figure class='gallery-item'>\n\t\t\t<div class='gallery-icon portrait'>\n\t\t\t\t<a href='https:\/\/recursing-nash.185-101-158-178.plesk.page\/wp-content\/uploads\/2018\/04\/Osterhase_Anlass5.jpg'><img loading=\"lazy\" decoding=\"async\" width=\"150\" height=\"150\" src=\"https:\/\/recursing-nash.185-101-158-178.plesk.page\/wp-content\/uploads\/2018\/04\/Osterhase_Anlass5-150x150.jpg\" class=\"attachment-thumbnail size-thumbnail\" alt=\"Osterhase in Familienzentrum Bezirk Affoltern\" aria-describedby=\"gallery-1-9106\" \/><\/a>\n\t\t\t<\/div>\n\t\t\t\t<figcaption class='wp-caption-text gallery-caption' id='gallery-1-9106'>\n\t\t\t\tOsterhase im Familienzentrum Bezirk Affoltern\n\t\t\t\t<\/figcaption><\/figure>\n\t\t<\/div>\n\n","protected":false},"excerpt":{"rendered":"<p>Alle, die den Osterhasen schon lange pers\u00f6nlich kennenlernen wollten, hatten am 27. M\u00e4rz die Gelegenheit, an diesem speziellen Anlass im Kafi mit Spielzimmer dabei zu sein. Selbstverst\u00e4ndlich kam der Osterhase nicht mit leeren H\u00e4nden den Kindern besuchen. Die kleinen Oster\u00fcberraschungen mussten aber erst gefunden werden. Ausserdem hatten die kleinen K\u00fcnstler und K\u00fcnstlerinnen die M\u00f6glichkeit, bunte [&hellip;]<\/p>\n","protected":false},"author":1,"featured_media":9106,"comment_status":"closed","ping_status":"closed","sticky":false,"template":"","format":"standard","meta":{"footnotes":""},"categories":[8],"tags":[],"class_list":["post-9101","post","type-post","status-publish","format-standard","has-post-thumbnail","hentry","category-fotos"],"_links":{"self":[{"href":"https:\/\/recursing-nash.185-101-158-178.plesk.page\/index.php\/wp-json\/wp\/v2\/posts\/9101","targetHints":{"allow":["GET"]}}],"collection":[{"href":"https:\/\/recursing-nash.185-101-158-178.plesk.page\/index.php\/wp-json\/wp\/v2\/posts"}],"about":[{"href":"https:\/\/recursing-nash.185-101-158-178.plesk.page\/index.php\/wp-json\/wp\/v2\/types\/post"}],"author":[{"embeddable":true,"href":"https:\/\/recursing-nash.185-101-158-178.plesk.page\/index.php\/wp-json\/wp\/v2\/users\/1"}],"replies":[{"embeddable":true,"href":"https:\/\/recursing-nash.185-101-158-178.plesk.page\/index.php\/wp-json\/wp\/v2\/comments?post=9101"}],"version-history":[{"count":0,"href":"https:\/\/recursing-nash.185-101-158-178.plesk.page\/index.php\/wp-json\/wp\/v2\/posts\/9101\/revisions"}],"wp:featuredmedia":[{"embeddable":true,"href":"https:\/\/recursing-nash.185-101-158-178.plesk.page\/index.php\/wp-json\/wp\/v2\/media\/9106"}],"wp:attachment":[{"href":"https:\/\/recursing-nash.185-101-158-178.plesk.page\/index.php\/wp-json\/wp\/v2\/media?parent=9101"}],"wp:term":[{"taxonomy":"category","embeddable":true,"href":"https:\/\/recursing-nash.185-101-158-178.plesk.page\/index.php\/wp-json\/wp\/v2\/categories?post=9101"},{"taxonomy":"post_tag","embeddable":true,"href":"https:\/\/recursing-nash.185-101-158-178.plesk.page\/index.php\/wp-json\/wp\/v2\/tags?post=9101"}],"curies":[{"name":"wp","href":"https:\/\/api.w.org\/{rel}","templated":true}]}}