{"id":9270,"date":"2018-05-21T10:40:12","date_gmt":"2018-05-21T08:40:12","guid":{"rendered":"https:\/\/familienzentrum-bezirk-affoltern.ch\/?p=9270"},"modified":"2018-05-21T10:40:12","modified_gmt":"2018-05-21T08:40:12","slug":"geburtstagsparty-in-familienzentrum","status":"publish","type":"post","link":"https:\/\/recursing-nash.185-101-158-178.plesk.page\/index.php\/2018\/05\/21\/geburtstagsparty-in-familienzentrum\/","title":{"rendered":"Geburtstagsparty in Familienzentrum"},"content":{"rendered":"<p><a href=\"https:\/\/familienzentrum-bezirk-affoltern.ch\/angebote\/raumvermietung\/raumvermietung_4\/\" rel=\"attachment wp-att-6298\"><img fetchpriority=\"high\" decoding=\"async\" class=\"aligncenter size-medium wp-image-6298\" src=\"https:\/\/familienzentrum-bezirk-affoltern.ch\/wp-content\/uploads\/2016\/07\/Raumvermietung_4-300x169.jpg\" alt=\"\" width=\"300\" height=\"169\" srcset=\"https:\/\/recursing-nash.185-101-158-178.plesk.page\/wp-content\/uploads\/2016\/07\/Raumvermietung_4-300x169.jpg 300w, https:\/\/recursing-nash.185-101-158-178.plesk.page\/wp-content\/uploads\/2016\/07\/Raumvermietung_4-1024x576.jpg 1024w, https:\/\/recursing-nash.185-101-158-178.plesk.page\/wp-content\/uploads\/2016\/07\/Raumvermietung_4-768x432.jpg 768w, https:\/\/recursing-nash.185-101-158-178.plesk.page\/wp-content\/uploads\/2016\/07\/Raumvermietung_4-1536x864.jpg 1536w, https:\/\/recursing-nash.185-101-158-178.plesk.page\/wp-content\/uploads\/2016\/07\/Raumvermietung_4.jpg 2048w\" sizes=\"(max-width: 300px) 100vw, 300px\" \/><\/a><a href=\"https:\/\/familienzentrum-bezirk-affoltern.ch\/angebote\/raumvermietung\/raumvermietung_3\/\" rel=\"attachment wp-att-6299\"><img decoding=\"async\" class=\"aligncenter size-medium wp-image-6299\" src=\"https:\/\/familienzentrum-bezirk-affoltern.ch\/wp-content\/uploads\/2016\/07\/Raumvermietung_3-300x169.jpg\" alt=\"\" width=\"300\" height=\"169\" srcset=\"https:\/\/recursing-nash.185-101-158-178.plesk.page\/wp-content\/uploads\/2016\/07\/Raumvermietung_3-300x169.jpg 300w, https:\/\/recursing-nash.185-101-158-178.plesk.page\/wp-content\/uploads\/2016\/07\/Raumvermietung_3-1024x576.jpg 1024w, https:\/\/recursing-nash.185-101-158-178.plesk.page\/wp-content\/uploads\/2016\/07\/Raumvermietung_3-768x432.jpg 768w, https:\/\/recursing-nash.185-101-158-178.plesk.page\/wp-content\/uploads\/2016\/07\/Raumvermietung_3-1536x864.jpg 1536w, https:\/\/recursing-nash.185-101-158-178.plesk.page\/wp-content\/uploads\/2016\/07\/Raumvermietung_3.jpg 2048w\" sizes=\"(max-width: 300px) 100vw, 300px\" \/><\/a><\/p>\n<p>Sie m\u00f6chten eine Geburtstagsparty f\u00fcr Ihren Sohn oder Ihre Tochter organisieren, haben aber daheim nicht so viel Platz? Planen Sie ein Jubil\u00e4um, oder einen speziellen Anlass mit vielen G\u00e4ste? Das Familienzentrum Bezirk Affoltern bietet die passenden R\u00e4umlichkeiten f\u00fcr Ihren Anlass zu g\u00fcnstigen Konditionen an. Es besteht auch die M\u00f6glichkeit zu kochen in unserer grossz\u00fcgigen K\u00fcche.<\/p>\n<p><a href=\"https:\/\/familienzentrum-bezirk-affoltern.ch\/angebote\/raumvermietung\/\">Weitere Infos finden Sie unter folgendem Link.<\/a><\/p>\n","protected":false},"excerpt":{"rendered":"<p>Sie m\u00f6chten eine Geburtstagsparty f\u00fcr Ihren Sohn oder Ihre Tochter organisieren, haben aber daheim nicht so viel Platz? Planen Sie ein Jubil\u00e4um, oder einen speziellen Anlass mit vielen G\u00e4ste? Das Familienzentrum Bezirk Affoltern bietet die passenden R\u00e4umlichkeiten f\u00fcr Ihren Anlass zu g\u00fcnstigen Konditionen an. Es besteht auch die M\u00f6glichkeit zu kochen in unserer grossz\u00fcgigen K\u00fcche. [&hellip;]<\/p>\n","protected":false},"author":1,"featured_media":9271,"comment_status":"closed","ping_status":"closed","sticky":false,"template":"","format":"standard","meta":{"footnotes":""},"categories":[4,5],"tags":[133,183,184],"class_list":["post-9270","post","type-post","status-publish","format-standard","has-post-thumbnail","hentry","category-not-in-search-results","category-slides-alt","tag-kindergeburtstag","tag-raum-zu-vermieten","tag-raumvermietung"],"_links":{"self":[{"href":"https:\/\/recursing-nash.185-101-158-178.plesk.page\/index.php\/wp-json\/wp\/v2\/posts\/9270","targetHints":{"allow":["GET"]}}],"collection":[{"href":"https:\/\/recursing-nash.185-101-158-178.plesk.page\/index.php\/wp-json\/wp\/v2\/posts"}],"about":[{"href":"https:\/\/recursing-nash.185-101-158-178.plesk.page\/index.php\/wp-json\/wp\/v2\/types\/post"}],"author":[{"embeddable":true,"href":"https:\/\/recursing-nash.185-101-158-178.plesk.page\/index.php\/wp-json\/wp\/v2\/users\/1"}],"replies":[{"embeddable":true,"href":"https:\/\/recursing-nash.185-101-158-178.plesk.page\/index.php\/wp-json\/wp\/v2\/comments?post=9270"}],"version-history":[{"count":0,"href":"https:\/\/recursing-nash.185-101-158-178.plesk.page\/index.php\/wp-json\/wp\/v2\/posts\/9270\/revisions"}],"wp:featuredmedia":[{"embeddable":true,"href":"https:\/\/recursing-nash.185-101-158-178.plesk.page\/index.php\/wp-json\/wp\/v2\/media\/9271"}],"wp:attachment":[{"href":"https:\/\/recursing-nash.185-101-158-178.plesk.page\/index.php\/wp-json\/wp\/v2\/media?parent=9270"}],"wp:term":[{"taxonomy":"category","embeddable":true,"href":"https:\/\/recursing-nash.185-101-158-178.plesk.page\/index.php\/wp-json\/wp\/v2\/categories?post=9270"},{"taxonomy":"post_tag","embeddable":true,"href":"https:\/\/recursing-nash.185-101-158-178.plesk.page\/index.php\/wp-json\/wp\/v2\/tags?post=9270"}],"curies":[{"name":"wp","href":"https:\/\/api.w.org\/{rel}","templated":true}]}}